{"id":18185,"date":"2023-11-08T21:59:00","date_gmt":"2023-11-08T20:59:00","guid":{"rendered":"https:\/\/agenapisos.com\/?p=18185"},"modified":"2023-11-13T14:33:59","modified_gmt":"2023-11-13T13:33:59","slug":"noticias-juridicas-ley-de-propiedad-horizontal","status":"publish","type":"post","link":"https:\/\/agenapisos.com\/es\/noticias-juridicas-ley-de-propiedad-horizontal\/","title":{"rendered":"Importancia de las noticias jur\u00eddicas sobre la ley de propiedad horizontal"},"content":{"rendered":"<div id=\"ez-toc-container\" class=\"ez-toc-v2_0_82_2 counter-hierarchy ez-toc-counter ez-toc-grey ez-toc-container-direction\">\n<div class=\"ez-toc-title-container\">\n<p class=\"ez-toc-title\" style=\"cursor:inherit\">Tabla de Contenidos<\/p>\n<span class=\"ez-toc-title-toggle\"><a href=\"#\" class=\"ez-toc-pull-right ez-toc-btn ez-toc-btn-xs ez-toc-btn-default ez-toc-toggle\" aria-label=\"Alternar tabla de contenidos\"><span class=\"ez-toc-js-icon-con\"><span class=\"\"><span class=\"eztoc-hide\" style=\"display:none;\">Toggle<\/span><span class=\"ez-toc-icon-toggle-span\"><svg style=\"fill: #999;color:#999\" xmlns=\"http:\/\/www.w3.org\/2000\/svg\" class=\"list-377408\" width=\"20px\" height=\"20px\" viewBox=\"0 0 24 24\" fill=\"none\"><path d=\"M6 6H4v2h2V6zm14 0H8v2h12V6zM4 11h2v2H4v-2zm16 0H8v2h12v-2zM4 16h2v2H4v-2zm16 0H8v2h12v-2z\" fill=\"currentColor\"><\/path><\/svg><svg style=\"fill: #999;color:#999\" class=\"arrow-unsorted-368013\" xmlns=\"http:\/\/www.w3.org\/2000\/svg\" width=\"10px\" height=\"10px\" viewBox=\"0 0 24 24\" version=\"1.2\" baseProfile=\"tiny\"><path d=\"M18.2 9.3l-6.2-6.3-6.2 6.3c-.2.2-.3.4-.3.7s.1.5.3.7c.2.2.4.3.7.3h11c.3 0 .5-.1.7-.3.2-.2.3-.5.3-.7s-.1-.5-.3-.7zM5.8 14.7l6.2 6.3 6.2-6.3c.2-.2.3-.5.3-.7s-.1-.5-.3-.7c-.2-.2-.4-.3-.7-.3h-11c-.3 0-.5.1-.7.3-.2.2-.3.5-.3.7s.1.5.3.7z\"\/><\/svg><\/span><\/span><\/span><\/a><\/span><\/div>\n<nav><ul class='ez-toc-list ez-toc-list-level-1 eztoc-toggle-hide-by-default' ><li class='ez-toc-page-1 ez-toc-heading-level-2'><a class=\"ez-toc-link ez-toc-heading-1\" href=\"https:\/\/agenapisos.com\/es\/noticias-juridicas-ley-de-propiedad-horizontal\/#Introduccion\" >Introducci\u00f3n<\/a><ul class='ez-toc-list-level-3' ><li class='ez-toc-heading-level-3'><a class=\"ez-toc-link ez-toc-heading-2\" href=\"https:\/\/agenapisos.com\/es\/noticias-juridicas-ley-de-propiedad-horizontal\/#Tabla_de_contenidos\" >Tabla de contenidos:<\/a><\/li><li class='ez-toc-page-1 ez-toc-heading-level-3'><a class=\"ez-toc-link ez-toc-heading-3\" href=\"https:\/\/agenapisos.com\/es\/noticias-juridicas-ley-de-propiedad-horizontal\/#Puntos_clave\" >Puntos clave:<\/a><\/li><\/ul><\/li><li class='ez-toc-page-1 ez-toc-heading-level-2'><a class=\"ez-toc-link ez-toc-heading-4\" href=\"https:\/\/agenapisos.com\/es\/noticias-juridicas-ley-de-propiedad-horizontal\/#Nulidad_de_acuerdos_comunitarios\" >Nulidad de acuerdos comunitarios<\/a><ul class='ez-toc-list-level-3' ><li class='ez-toc-heading-level-3'><a class=\"ez-toc-link ez-toc-heading-5\" href=\"https:\/\/agenapisos.com\/es\/noticias-juridicas-ley-de-propiedad-horizontal\/#%C2%BFQue_es_un_acuerdo_comunitario\" >\u00bfQu\u00e9 es un acuerdo comunitario?<\/a><\/li><li class='ez-toc-page-1 ez-toc-heading-level-3'><a class=\"ez-toc-link ez-toc-heading-6\" href=\"https:\/\/agenapisos.com\/es\/noticias-juridicas-ley-de-propiedad-horizontal\/#%C2%BFEn_que_casos_puede_ser_nulo_un_acuerdo_comunitario\" >\u00bfEn qu\u00e9 casos puede ser nulo un acuerdo comunitario?<\/a><\/li><li class='ez-toc-page-1 ez-toc-heading-level-3'><a class=\"ez-toc-link ez-toc-heading-7\" href=\"https:\/\/agenapisos.com\/es\/noticias-juridicas-ley-de-propiedad-horizontal\/#Ejemplos_de_acuerdos_comunitarios_nulos\" >Ejemplos de acuerdos comunitarios nulos<\/a><\/li><\/ul><\/li><li class='ez-toc-page-1 ez-toc-heading-level-2'><a class=\"ez-toc-link ez-toc-heading-8\" href=\"https:\/\/agenapisos.com\/es\/noticias-juridicas-ley-de-propiedad-horizontal\/#Indemnizacion_por_danos_y_perjuicios\" >Indemnizaci\u00f3n por da\u00f1os y perjuicios<\/a><ul class='ez-toc-list-level-3' ><li class='ez-toc-heading-level-3'><a class=\"ez-toc-link ez-toc-heading-9\" href=\"https:\/\/agenapisos.com\/es\/noticias-juridicas-ley-de-propiedad-horizontal\/#%C2%BFQuien_puede_reclamar_una_indemnizacion\" >\u00bfQui\u00e9n puede reclamar una indemnizaci\u00f3n?<\/a><\/li><li class='ez-toc-page-1 ez-toc-heading-level-3'><a class=\"ez-toc-link ez-toc-heading-10\" href=\"https:\/\/agenapisos.com\/es\/noticias-juridicas-ley-de-propiedad-horizontal\/#Casos_de_reclamacion_de_indemnizacion\" >Casos de reclamaci\u00f3n de indemnizaci\u00f3n<\/a><ul class='ez-toc-list-level-4' ><li class='ez-toc-heading-level-4'><a class=\"ez-toc-link ez-toc-heading-11\" href=\"https:\/\/agenapisos.com\/es\/noticias-juridicas-ley-de-propiedad-horizontal\/#1_Danos_causados_por_obras_no_autorizadas\" >1. Da\u00f1os causados por obras no autorizadas<\/a><\/li><li class='ez-toc-page-1 ez-toc-heading-level-4'><a class=\"ez-toc-link ez-toc-heading-12\" href=\"https:\/\/agenapisos.com\/es\/noticias-juridicas-ley-de-propiedad-horizontal\/#2_Perjuicios_por_acuerdos_comunitarios_ilegales\" >2. Perjuicios por acuerdos comunitarios ilegales<\/a><\/li><li class='ez-toc-page-1 ez-toc-heading-level-4'><a class=\"ez-toc-link ez-toc-heading-13\" href=\"https:\/\/agenapisos.com\/es\/noticias-juridicas-ley-de-propiedad-horizontal\/#3_Danos_derivados_de_negligencias_en_el_mantenimiento_de_elementos_comunes\" >3. Da\u00f1os derivados de negligencias en el mantenimiento de elementos comunes<\/a><\/li><\/ul><\/li><li class='ez-toc-page-1 ez-toc-heading-level-3'><a class=\"ez-toc-link ez-toc-heading-14\" href=\"https:\/\/agenapisos.com\/es\/noticias-juridicas-ley-de-propiedad-horizontal\/#Proceso_de_Reclamacion\" >Proceso de Reclamaci\u00f3n<\/a><\/li><li class='ez-toc-page-1 ez-toc-heading-level-3'><a class=\"ez-toc-link ez-toc-heading-15\" href=\"https:\/\/agenapisos.com\/es\/noticias-juridicas-ley-de-propiedad-horizontal\/#Consideraciones_Legales\" >Consideraciones Legales<\/a><\/li><\/ul><\/li><li class='ez-toc-page-1 ez-toc-heading-level-2'><a class=\"ez-toc-link ez-toc-heading-16\" href=\"https:\/\/agenapisos.com\/es\/noticias-juridicas-ley-de-propiedad-horizontal\/#Reforma_de_la_Ley_de_Propiedad_Horizontal\" >Reforma de la Ley de Propiedad Horizontal<\/a><ul class='ez-toc-list-level-3' ><li class='ez-toc-heading-level-3'><a class=\"ez-toc-link ez-toc-heading-17\" href=\"https:\/\/agenapisos.com\/es\/noticias-juridicas-ley-de-propiedad-horizontal\/#Novedades_de_la_reforma\" >Novedades de la reforma<\/a><\/li><li class='ez-toc-page-1 ez-toc-heading-level-3'><a class=\"ez-toc-link ez-toc-heading-18\" href=\"https:\/\/agenapisos.com\/es\/noticias-juridicas-ley-de-propiedad-horizontal\/#Impacto_en_las_comunidades_de_vecinos\" >Impacto en las comunidades de vecinos<\/a><\/li><\/ul><\/li><li class='ez-toc-page-1 ez-toc-heading-level-2'><a class=\"ez-toc-link ez-toc-heading-19\" href=\"https:\/\/agenapisos.com\/es\/noticias-juridicas-ley-de-propiedad-horizontal\/#Preguntas_frecuentes\" >Preguntas frecuentes<\/a><ul class='ez-toc-list-level-3' ><li class='ez-toc-heading-level-3'><a class=\"ez-toc-link ez-toc-heading-20\" href=\"https:\/\/agenapisos.com\/es\/noticias-juridicas-ley-de-propiedad-horizontal\/#%C2%BFPor_que_es_importante_estar_al_tanto_de_las_noticias_juridicas_sobre_la_ley_de_propiedad_horizontal\" >\u00bfPor qu\u00e9 es importante estar al tanto de las noticias jur\u00eddicas sobre la ley de propiedad horizontal?<\/a><\/li><li class='ez-toc-page-1 ez-toc-heading-level-3'><a class=\"ez-toc-link ez-toc-heading-21\" href=\"https:\/\/agenapisos.com\/es\/noticias-juridicas-ley-de-propiedad-horizontal\/#%C2%BFComo_puede_afectar_la_modificacion_de_la_ley_a_la_comunidad_de_propietarios\" >\u00bfC\u00f3mo puede afectar la modificaci\u00f3n de la ley a la comunidad de propietarios?<\/a><\/li><li class='ez-toc-page-1 ez-toc-heading-level-3'><a class=\"ez-toc-link ez-toc-heading-22\" href=\"https:\/\/agenapisos.com\/es\/noticias-juridicas-ley-de-propiedad-horizontal\/#%C2%BFCual_es_la_importancia_de_la_fecha_del_14_de_junio_en_relacion_con_la_ley_de_propiedad_horizontal\" >\u00bfCu\u00e1l es la importancia de la fecha del 14 de junio en relaci\u00f3n con la ley de propiedad horizontal?<\/a><\/li><li class='ez-toc-page-1 ez-toc-heading-level-3'><a class=\"ez-toc-link ez-toc-heading-23\" href=\"https:\/\/agenapisos.com\/es\/noticias-juridicas-ley-de-propiedad-horizontal\/#%C2%BFQue_implicaciones_tiene_la_nulidad_del_acuerdo_comunitario_en_el_contexto_de_la_ley_de_propiedad_horizontal\" >\u00bfQu\u00e9 implicaciones tiene la nulidad del acuerdo comunitario en el contexto de la ley de propiedad horizontal?<\/a><\/li><li class='ez-toc-page-1 ez-toc-heading-level-3'><a class=\"ez-toc-link ez-toc-heading-24\" href=\"https:\/\/agenapisos.com\/es\/noticias-juridicas-ley-de-propiedad-horizontal\/#%C2%BFQue_se_establece_en_el_articulo_17_de_la_ley_de_propiedad_horizontal\" >\u00bfQu\u00e9 se establece en el art\u00edculo 17 de la ley de propiedad horizontal?<\/a><\/li><li class='ez-toc-page-1 ez-toc-heading-level-3'><a class=\"ez-toc-link ez-toc-heading-25\" href=\"https:\/\/agenapisos.com\/es\/noticias-juridicas-ley-de-propiedad-horizontal\/#%C2%BFQue_son_los_gastos_generales_en_el_contexto_de_la_ley_de_propiedad_horizontal\" >\u00bfQu\u00e9 son los gastos generales en el contexto de la ley de propiedad horizontal?<\/a><\/li><li class='ez-toc-page-1 ez-toc-heading-level-3'><a class=\"ez-toc-link ez-toc-heading-26\" href=\"https:\/\/agenapisos.com\/es\/noticias-juridicas-ley-de-propiedad-horizontal\/#Mantente_conectado_con_AG_NUNEZ\" >Mantente conectado con AG N\u00da\u00d1EZ:<\/a><\/li><\/ul><\/li><\/ul><\/nav><\/div>\n<h2><span class=\"ez-toc-section\" id=\"Introduccion\"><\/span>Introducci\u00f3n<span class=\"ez-toc-section-end\"><\/span><\/h2>\n<p>La <a href=\"https:\/\/agenapisos.com\/es\/ley-de-propiedad-horizontal-2023\/\"><strong>propiedad horizontal<\/strong> <\/a>es un concepto legal crucial en el \u00e1mbito inmobiliario, especialmente para aquellos que viven en comunidades de propietarios. Este t\u00e9rmino se refiere a la forma en que se dividen y se gestionan propiedades en edificios o conjuntos residenciales.<\/p>\n<p>Mantenerse al d\u00eda con las<a href=\"https:\/\/agenapisos.com\/es\/noticias\/\">\u00a0<strong>noticias jur\u00eddicas<\/strong><\/a> sobre la ley de propiedad horizontal es esencial para una gesti\u00f3n adecuada y eficiente de los <strong>gastos comunes<\/strong> y para evitar conflictos legales.<\/p>\n<h3><span class=\"ez-toc-section\" id=\"Tabla_de_contenidos\"><\/span>Tabla de contenidos:<span class=\"ez-toc-section-end\"><\/span><\/h3>\n<ol>\n<li>Nulidad de acuerdos comunitarios<\/li>\n<li>Indemnizaci\u00f3n por da\u00f1os y perjuicios<\/li>\n<li>Reforma de la Ley de Propiedad Horizontal<\/li>\n<li>Preguntas frecuentes (FAQ&#8217;s)<\/li>\n<\/ol>\n<h3><span class=\"ez-toc-section\" id=\"Puntos_clave\"><\/span>Puntos clave:<span class=\"ez-toc-section-end\"><\/span><\/h3>\n<ul data-sourcepos=\"3:1-6:0\">\n<li data-sourcepos=\"3:1-3:125\">La reforma de la Ley de Propiedad Horizontal introduce novedades que pueden afectar a todas las comunidades de vecinos.<\/li>\n<li data-sourcepos=\"5:1-6:0\">Es importante estar al d\u00eda de las noticias jur\u00eddicas sobre la ley de propiedad horizontal para evitar problemas en la convivencia y en la gesti\u00f3n de la comunidad.<\/li>\n<\/ul>\n<h2><span class=\"ez-toc-section\" id=\"Nulidad_de_acuerdos_comunitarios\"><\/span>Nulidad de acuerdos comunitarios<span class=\"ez-toc-section-end\"><\/span><\/h2>\n<h3><span class=\"ez-toc-section\" id=\"%C2%BFQue_es_un_acuerdo_comunitario\"><\/span>\u00bfQu\u00e9 es un acuerdo comunitario?<span class=\"ez-toc-section-end\"><\/span><\/h3>\n<p>Un acuerdo comunitario es una decisi\u00f3n adoptada por la <strong>junta de propietarios<\/strong> en una reuni\u00f3n. Estas decisiones son fundamentales para la gesti\u00f3n y el buen funcionamiento de la comunidad.<\/p>\n<p>Los acuerdos pueden incluir temas como la aprobaci\u00f3n de presupuestos para\u00a0<strong>gastos comunes<\/strong>, la realizaci\u00f3n de obras de mantenimiento o mejora, la modificaci\u00f3n de elementos comunes, o incluso el establecimiento de normas de convivencia dentro de la comunidad.<\/p>\n<h3><span class=\"ez-toc-section\" id=\"%C2%BFEn_que_casos_puede_ser_nulo_un_acuerdo_comunitario\"><\/span>\u00bfEn qu\u00e9 casos puede ser nulo un acuerdo comunitario?<span class=\"ez-toc-section-end\"><\/span><\/h3>\n<p>La nulidad de un acuerdo comunitario puede darse en varias situaciones:<\/p>\n<ol>\n<li><strong>No Conformidad con la Ley de Propiedad Horizontal<\/strong>: Si un acuerdo va en contra de lo establecido en la ley, se considerar\u00e1 nulo. Por ejemplo, decisiones que afecten a la estructura del edificio y que no respeten las normativas vigentes.<\/li>\n<li><strong>Falta de Mayor\u00eda Requerida<\/strong>: Cada tipo de acuerdo exige una mayor\u00eda espec\u00edfica para su validez, como la mayor\u00eda simple o la mayor\u00eda cualificada. Si no se cumple con el qu\u00f3rum necesario, el acuerdo podr\u00eda ser anulado.<\/li>\n<li><strong>Violaci\u00f3n de Derechos de los Propietarios<\/strong>: Si un acuerdo vulnera los derechos individuales de los propietarios, como limitar de manera injusta el uso de su propiedad, puede ser declarado nulo.<\/li>\n<li><strong>Infracci\u00f3n de los Estatutos de la Comunidad<\/strong>: Los acuerdos deben respetar los estatutos de la comunidad. Si contravienen estas normas internas, pueden ser anulados.<\/li>\n<li><strong>Falta de Notificaci\u00f3n o Convocatoria Inadecuada<\/strong>: La falta de notificaci\u00f3n adecuada a todos los miembros de la comunidad sobre la junta o el orden del d\u00eda puede ser motivo de nulidad.<\/li>\n<\/ol>\n<h3><span class=\"ez-toc-section\" id=\"Ejemplos_de_acuerdos_comunitarios_nulos\"><\/span>Ejemplos de acuerdos comunitarios nulos<span class=\"ez-toc-section-end\"><\/span><\/h3>\n<ol>\n<li><strong>Acuerdos Adoptados sin la Mayor\u00eda Cualificada Necesaria<\/strong>: Por ejemplo, decisiones sobre grandes reformas que requieren una mayor\u00eda cualificada y son tomadas por una mayor\u00eda simple.<\/li>\n<li><strong>Decisiones que Limitan el Uso y Disfrute de la Propiedad Privada<\/strong>: Como prohibiciones excesivas sobre actividades permitidas en los espacios privados de los propietarios.<\/li>\n<li><strong>Acuerdos que Contravienen las Leyes o los Estatutos de la Comunidad<\/strong>: Como la aprobaci\u00f3n de obras ilegales que infrinjan normativas urban\u00edsticas o estatutos comunitarios.<\/li>\n<li><strong>Decisiones Tomadas en Juntas no Convocadas Correctamente<\/strong>: Acuerdos tomados en reuniones donde no se respetaron los procedimientos de convocatoria y notificaci\u00f3n.<\/li>\n<li><strong>Acuerdos que Discriminan a Propietarios<\/strong>: Decisiones que favorecen a ciertos propietarios en detrimento de otros, violando el principio de igualdad.<\/li>\n<\/ol>\n<h2><span class=\"ez-toc-section\" id=\"Indemnizacion_por_danos_y_perjuicios\"><\/span>Indemnizaci\u00f3n por da\u00f1os y perjuicios<span class=\"ez-toc-section-end\"><\/span><\/h2>\n<h3><span class=\"ez-toc-section\" id=\"%C2%BFQuien_puede_reclamar_una_indemnizacion\"><\/span>\u00bfQui\u00e9n puede reclamar una indemnizaci\u00f3n?<span class=\"ez-toc-section-end\"><\/span><\/h3>\n<p>En el contexto de la <strong>propiedad horizontal<\/strong>, cualquier propietario que sufra da\u00f1os debido a decisiones o acciones ilegales o negligentes de la comunidad de propietarios tiene derecho a reclamar una <strong>indemnizaci\u00f3n por da\u00f1os y perjuicios<\/strong>.<\/p>\n<p>Esto incluye a propietarios individuales, inquilinos afectados y, en algunos casos, terceros que puedan haber sufrido da\u00f1os a causa de acciones o negligencias de la comunidad.<\/p>\n<h3><span class=\"ez-toc-section\" id=\"Casos_de_reclamacion_de_indemnizacion\"><\/span>Casos de reclamaci\u00f3n de indemnizaci\u00f3n<span class=\"ez-toc-section-end\"><\/span><\/h3>\n<h4><span class=\"ez-toc-section\" id=\"1_Danos_causados_por_obras_no_autorizadas\"><\/span>1. Da\u00f1os causados por obras no autorizadas<span class=\"ez-toc-section-end\"><\/span><\/h4>\n<ul>\n<li><strong>Ejemplo<\/strong>: Si un propietario realiza obras que afectan a la estructura o a elementos comunes del edificio sin la autorizaci\u00f3n necesaria, y esto causa da\u00f1os a otros propietarios, estos \u00faltimos pueden reclamar una indemnizaci\u00f3n.<\/li>\n<\/ul>\n<p><img loading=\"lazy\" decoding=\"async\" class=\"alignnone wp-image-18191 size-full\" src=\"https:\/\/agenapisos.com\/wp-content\/uploads\/2023\/11\/carrycot-1888587_1280.jpg\" alt=\"noticias jur\u00eddicas sobre la ley de propiedad horizontal\" width=\"1280\" height=\"853\" srcset=\"https:\/\/agenapisos.com\/wp-content\/uploads\/2023\/11\/carrycot-1888587_1280.jpg 1280w, https:\/\/agenapisos.com\/wp-content\/uploads\/2023\/11\/carrycot-1888587_1280-400x267.jpg 400w, https:\/\/agenapisos.com\/wp-content\/uploads\/2023\/11\/carrycot-1888587_1280-768x512.jpg 768w\" sizes=\"auto, (max-width: 1280px) 100vw, 1280px\" \/><\/p>\n<h4><span class=\"ez-toc-section\" id=\"2_Perjuicios_por_acuerdos_comunitarios_ilegales\"><\/span>2. Perjuicios por acuerdos comunitarios ilegales<span class=\"ez-toc-section-end\"><\/span><\/h4>\n<ul>\n<li><strong>Ejemplo<\/strong>: Si la comunidad adopta un acuerdo que restringe de manera ilegal el uso de ciertas \u00e1reas comunes, y esto causa un perjuicio econ\u00f3mico o de otro tipo a un propietario, este puede reclamar una indemnizaci\u00f3n.<\/li>\n<\/ul>\n<h4><span class=\"ez-toc-section\" id=\"3_Danos_derivados_de_negligencias_en_el_mantenimiento_de_elementos_comunes\"><\/span>3. Da\u00f1os derivados de negligencias en el mantenimiento de elementos comunes<span class=\"ez-toc-section-end\"><\/span><\/h4>\n<ul>\n<li><strong>Ejemplo<\/strong>: Si se produce un da\u00f1o en una vivienda debido a una negligencia en el mantenimiento de un elemento com\u00fan, como una filtraci\u00f3n de agua desde un tejado en mal estado, el propietario afectado puede solicitar una indemnizaci\u00f3n.<\/li>\n<\/ul>\n<h3><span class=\"ez-toc-section\" id=\"Proceso_de_Reclamacion\"><\/span>Proceso de Reclamaci\u00f3n<span class=\"ez-toc-section-end\"><\/span><\/h3>\n<p>El proceso de reclamaci\u00f3n de indemnizaci\u00f3n por da\u00f1os y perjuicios suele implicar los siguientes pasos:<\/p>\n<ol>\n<li><strong>Evaluaci\u00f3n de Da\u00f1os<\/strong>: Es importante que el afectado documente y eval\u00fae el alcance de los da\u00f1os.<\/li>\n<li><strong>Comunicaci\u00f3n con la Comunidad<\/strong>: Se debe informar a la comunidad o al administrador de la propiedad sobre el da\u00f1o y la intenci\u00f3n de reclamar una indemnizaci\u00f3n.<\/li>\n<li><strong>Negociaci\u00f3n y Mediaci\u00f3n<\/strong>: Antes de proceder legalmente, se puede intentar una soluci\u00f3n amistosa o una mediaci\u00f3n.<\/li>\n<li><strong>Reclamaci\u00f3n Judicial<\/strong>: Si no se llega a un acuerdo, el afectado puede presentar una reclamaci\u00f3n judicial para obtener la indemnizaci\u00f3n.<\/li>\n<\/ol>\n<h3><span class=\"ez-toc-section\" id=\"Consideraciones_Legales\"><\/span><a href=\"https:\/\/agenapisos.com\/es\/asesoramiento-inmobiliario-en-barcelona\/\">Consideraciones Legales<\/a><span class=\"ez-toc-section-end\"><\/span><\/h3>\n<ul>\n<li><strong>Prescripci\u00f3n<\/strong>: Existen plazos para reclamar una indemnizaci\u00f3n. Por lo tanto, es importante actuar r\u00e1pidamente.<\/li>\n<li><strong>Prueba de Responsabilidad<\/strong>: El reclamante debe ser capaz de probar la relaci\u00f3n causal entre la acci\u00f3n o negligencia de la comunidad y los da\u00f1os sufridos.<\/li>\n<li><strong>Cuantificaci\u00f3n de la Indemnizaci\u00f3n<\/strong>: Es fundamental determinar adecuadamente el monto de la indemnizaci\u00f3n, que debe corresponder al da\u00f1o efectivamente sufrido.<\/li>\n<\/ul>\n<h2><span class=\"ez-toc-section\" id=\"Reforma_de_la_Ley_de_Propiedad_Horizontal\"><\/span>Reforma de la Ley de Propiedad Horizontal<span class=\"ez-toc-section-end\"><\/span><\/h2>\n<h3><span class=\"ez-toc-section\" id=\"Novedades_de_la_reforma\"><\/span>Novedades de la reforma<span class=\"ez-toc-section-end\"><\/span><\/h3>\n<p>La reciente reforma, efectiva desde el <strong>21 de julio de 2023<\/strong>, introduce cambios significativos:<\/p>\n<ol>\n<li><strong>Medidas urgentes para impulsar la actividad de rehabilitaci\u00f3n<\/strong>: Fomento de obras para mejorar la eficiencia energ\u00e9tica.<\/li>\n<li><strong>Mayor\u00edas necesarias para adoptar acuerdos<\/strong>: Cambios en los qu\u00f3rums requeridos para diferentes tipos de decisiones.<\/li>\n<li><strong>Regulaci\u00f3n de morosos<\/strong>: Nuevas disposiciones para gestionar el impago de los gastos comunes.<\/li>\n<\/ol>\n<h3><span class=\"ez-toc-section\" id=\"Impacto_en_las_comunidades_de_vecinos\"><\/span>Impacto en las comunidades de vecinos<span class=\"ez-toc-section-end\"><\/span><\/h3>\n<ol>\n<li><strong>Financiaci\u00f3n de obras<\/strong>: Acceso a subvenciones y ayudas para obras de rehabilitaci\u00f3n.<\/li>\n<li><strong>Gesti\u00f3n de morosos<\/strong>: Herramientas m\u00e1s efectivas para el cobro de deudas.<\/li>\n<li><strong>Decisiones comunitarias<\/strong>: Mayor flexibilidad y eficiencia en la toma de decisiones.<\/li>\n<\/ol>\n<p><iframe loading=\"lazy\" title=\"Webinar sobre Ley de Propiedad Horizontal, con Jose\u0301 Miguel Serrano\" width=\"1200\" height=\"675\" src=\"https:\/\/www.youtube.com\/embed\/xZsl3vPEWpk?feature=oembed\" frameborder=\"0\" allow=\"accelerometer; autoplay; clipboard-write; encrypted-media; gyroscope; picture-in-picture; web-share\" allowfullscreen><\/iframe><\/p>\n<h2><span class=\"ez-toc-section\" id=\"Preguntas_frecuentes\"><\/span>Preguntas frecuentes<span class=\"ez-toc-section-end\"><\/span><\/h2>\n<h3><span class=\"ez-toc-section\" id=\"%C2%BFPor_que_es_importante_estar_al_tanto_de_las_noticias_juridicas_sobre_la_ley_de_propiedad_horizontal\"><\/span>\u00bfPor qu\u00e9 es importante estar al tanto de las noticias jur\u00eddicas sobre la ley de propiedad horizontal?<span class=\"ez-toc-section-end\"><\/span><\/h3>\n<p>Es crucial para comprender los cambios en las regulaciones y c\u00f3mo afectan al r\u00e9gimen de propiedad horizontal.<\/p>\n<h3><span class=\"ez-toc-section\" id=\"%C2%BFComo_puede_afectar_la_modificacion_de_la_ley_a_la_comunidad_de_propietarios\"><\/span>\u00bfC\u00f3mo puede afectar la modificaci\u00f3n de la ley a la comunidad de propietarios?<span class=\"ez-toc-section-end\"><\/span><\/h3>\n<p>Una modificaci\u00f3n en la ley puede tener un impacto directo en los acuerdos y deberes de la comunidad de propietarios. Por ello hay que estar atentos a las noticias jur\u00eddicas sobre la ley de propiedad horizontal.<\/p>\n<h3><span class=\"ez-toc-section\" id=\"%C2%BFCual_es_la_importancia_de_la_fecha_del_14_de_junio_en_relacion_con_la_ley_de_propiedad_horizontal\"><\/span>\u00bfCu\u00e1l es la importancia de la fecha del 14 de junio en relaci\u00f3n con la ley de propiedad horizontal?<span class=\"ez-toc-section-end\"><\/span><\/h3>\n<p>La fecha del 14 de junio marca la entrada en vigor de ciertas disposiciones legales relevantes para la propiedad horizontal.<\/p>\n<h3><span class=\"ez-toc-section\" id=\"%C2%BFQue_implicaciones_tiene_la_nulidad_del_acuerdo_comunitario_en_el_contexto_de_la_ley_de_propiedad_horizontal\"><\/span>\u00bfQu\u00e9 implicaciones tiene la nulidad del acuerdo comunitario en el contexto de la ley de propiedad horizontal?<span class=\"ez-toc-section-end\"><\/span><\/h3>\n<p>La nulidad de un acuerdo comunitario puede afectar la validez de las decisiones tomadas de acuerdo con la ley de propiedad horizontal.<\/p>\n<h3><span class=\"ez-toc-section\" id=\"%C2%BFQue_se_establece_en_el_articulo_17_de_la_ley_de_propiedad_horizontal\"><\/span>\u00bfQu\u00e9 se establece en el art\u00edculo 17 de la ley de propiedad horizontal?<span class=\"ez-toc-section-end\"><\/span><\/h3>\n<p>El art\u00edculo 17 de la Ley de Propiedad Horizontal establece disposiciones sobre los acuerdos de la comunidad, incluida la mayor\u00eda necesaria para su adopci\u00f3n.<\/p>\n<h3><span class=\"ez-toc-section\" id=\"%C2%BFQue_son_los_gastos_generales_en_el_contexto_de_la_ley_de_propiedad_horizontal\"><\/span>\u00bfQu\u00e9 son los gastos generales en el contexto de la ley de propiedad horizontal?<span class=\"ez-toc-section-end\"><\/span><\/h3>\n<p>Los gastos generales son los costos necesarios para el mantenimiento y funcionamiento de la comunidad de propietarios, regulados por la ley de propiedad horizontal.<\/p>\n<div class=\"author-schema\" style=\"margin-top: 10%;\">\n<p><strong>Para consultas puedes comunicarte con AG N\u00da\u00d1EZ en: <\/strong><a href=\"mailto:info@agenapisos.com\">info@agenapisos.com<\/a>.<\/p>\n<h3><span class=\"ez-toc-section\" id=\"Mantente_conectado_con_AG_NUNEZ\"><\/span>Mantente conectado con AG N\u00da\u00d1EZ:<span class=\"ez-toc-section-end\"><\/span><\/h3>\n<ul>\n<li>Website: <a href=\"https:\/\/agenapisos.com\">agenapisos.com<\/a><\/li>\n<li>D\u00f3nde Estamos: <a href=\"https:\/\/maps.app.goo.gl\/wWdLRJ92jHNnNoLt9\" target=\"&quot;_blank\" rel=\"noopener\">GOOGLE MAPS<\/a><\/li>\n<li>Nuestras RRSS: <a href=\"\/\/www.linkedin.com\/in\/luisramongarcia\/?originalSubdomain=es\/\u201d\" target=\"&quot;_blank\" rel=\"noopener\">LINKED-IN<\/a><\/li>\n<\/ul>\n<\/div>\n","protected":false},"excerpt":{"rendered":"<p>Introducci\u00f3n La propiedad horizontal es un concepto legal crucial en el \u00e1mbito inmobiliario, especialmente para aquellos que viven en comunidades<\/p>\n","protected":false},"author":1,"featured_media":18189,"comment_status":"closed","ping_status":"closed","sticky":false,"template":"","format":"standard","meta":{"_acf_changed":false,"footnotes":""},"categories":[1],"tags":[],"class_list":["post-18185","post","type-post","status-publish","format-standard","has-post-thumbnail","hentry","category-sense-categoria","infinite-scroll-item","generate-columns","tablet-grid-50","mobile-grid-100","grid-parent","grid-33","no-featured-image-padding"],"acf":[],"_links":{"self":[{"href":"https:\/\/agenapisos.com\/es\/wp-json\/wp\/v2\/posts\/18185","targetHints":{"allow":["GET"]}}],"collection":[{"href":"https:\/\/agenapisos.com\/es\/wp-json\/wp\/v2\/posts"}],"about":[{"href":"https:\/\/agenapisos.com\/es\/wp-json\/wp\/v2\/types\/post"}],"author":[{"embeddable":true,"href":"https:\/\/agenapisos.com\/es\/wp-json\/wp\/v2\/users\/1"}],"replies":[{"embeddable":true,"href":"https:\/\/agenapisos.com\/es\/wp-json\/wp\/v2\/comments?post=18185"}],"version-history":[{"count":2,"href":"https:\/\/agenapisos.com\/es\/wp-json\/wp\/v2\/posts\/18185\/revisions"}],"predecessor-version":[{"id":18193,"href":"https:\/\/agenapisos.com\/es\/wp-json\/wp\/v2\/posts\/18185\/revisions\/18193"}],"wp:featuredmedia":[{"embeddable":true,"href":"https:\/\/agenapisos.com\/es\/wp-json\/wp\/v2\/media\/18189"}],"wp:attachment":[{"href":"https:\/\/agenapisos.com\/es\/wp-json\/wp\/v2\/media?parent=18185"}],"wp:term":[{"taxonomy":"category","embeddable":true,"href":"https:\/\/agenapisos.com\/es\/wp-json\/wp\/v2\/categories?post=18185"},{"taxonomy":"post_tag","embeddable":true,"href":"https:\/\/agenapisos.com\/es\/wp-json\/wp\/v2\/tags?post=18185"}],"curies":[{"name":"wp","href":"https:\/\/api.w.org\/{rel}","templated":true}]}}